{"id":56,"date":"2020-01-29T09:57:38","date_gmt":"2020-01-29T12:57:38","guid":{"rendered":"http:\/\/www.export-paletizacao.com.br\/?p=56"},"modified":"2020-02-04T09:19:16","modified_gmt":"2020-02-04T12:19:16","slug":"embalagens-especiais","status":"publish","type":"post","link":"https:\/\/www.export-paletizacao.com.br\/en\/servicos\/embalagens-especiais\/","title":{"rendered":"Special Packaging"},"content":{"rendered":"<p>Export has the packaging solution for multimodal and protective transport for all types of cargo, from small to large, from 1 kg to 300,000 kg! Performing services according to international standards, we prepare the packaging of your cargo safely, through procedures already tested and with <em>know-how<\/em> acquired with solid partnerships with companies in the US and Europe.<\/p>\n<p>Make an appointment and send us your product information, so we can design the most suitable packaging!<\/p>\n<p>&nbsp;<\/p>","protected":false},"excerpt":{"rendered":"<p>A Export tem a solu\u00e7\u00e3o de embalagem para transporte multimodal e protetivas para todos os tipos de cargas, de pequeno a grande porte, de 1 kg a 300.000 kg! Executando servi\u00e7os conforme padr\u00f5es internacionais, preparamos a embalagem de sua carga com seguran\u00e7a, atrav\u00e9s de procedimentos j\u00e1 testados e com Know-How adquirido com parcerias s\u00f3lidas com empresas dos EUA e Europa. Fa\u00e7a uma consulta e nos envie as informa\u00e7\u00f5es de seu produto, para projetarmos a embalagem [&hellip;]<\/p>\n","protected":false},"author":1,"featured_media":0,"comment_status":"open","ping_status":"open","sticky":false,"template":"","format":"standard","meta":{"_acf_changed":false,"footnotes":""},"categories":[1],"tags":[],"class_list":["post-56","post","type-post","status-publish","format-standard","hentry","category-servicos"],"acf":[],"yoast_head":"<!-- This site is optimized with the Yoast SEO plugin v27.5 - https:\/\/yoast.com\/product\/yoast-seo-wordpress\/ -->\n<title>Embalagens Especiais - Export Paletiza\u00e7\u00e3o<\/title>\n<meta name=\"robots\" content=\"index, follow, max-snippet:-1, max-image-preview:large, max-video-preview:-1\" \/>\n<link rel=\"canonical\" href=\"https:\/\/www.export-paletizacao.com.br\/en\/servicos\/embalagens-especiais\/\" \/>\n<meta property=\"og:locale\" content=\"en_US\" \/>\n<meta property=\"og:type\" content=\"article\" \/>\n<meta property=\"og:title\" content=\"Embalagens Especiais - Export Paletiza\u00e7\u00e3o\" \/>\n<meta property=\"og:description\" content=\"A Export tem a solu\u00e7\u00e3o de embalagem para transporte multimodal e protetivas para todos os tipos de cargas, de pequeno a grande porte, de 1 kg a 300.000 kg! Executando servi\u00e7os conforme padr\u00f5es internacionais, preparamos a embalagem de sua carga com seguran\u00e7a, atrav\u00e9s de procedimentos j\u00e1 testados e com Know-How adquirido com parcerias s\u00f3lidas com empresas dos EUA e Europa. Fa\u00e7a uma consulta e nos envie as informa\u00e7\u00f5es de seu produto, para projetarmos a embalagem [&hellip;]\" \/>\n<meta property=\"og:url\" content=\"https:\/\/www.export-paletizacao.com.br\/en\/servicos\/embalagens-especiais\/\" \/>\n<meta property=\"og:site_name\" content=\"Export Paletiza\u00e7\u00e3o\" \/>\n<meta property=\"article:published_time\" content=\"2020-01-29T12:57:38+00:00\" \/>\n<meta property=\"article:modified_time\" content=\"2020-02-04T12:19:16+00:00\" \/>\n<meta name=\"author\" content=\"export_wp\" \/>\n<meta name=\"twitter:card\" content=\"summary_large_image\" \/>\n<meta name=\"twitter:label1\" content=\"Written by\" \/>\n\t<meta name=\"twitter:data1\" content=\"export_wp\" \/>\n<script type=\"application\/ld+json\" class=\"yoast-schema-graph\">{\"@context\":\"https:\\\/\\\/schema.org\",\"@graph\":[{\"@type\":\"Article\",\"@id\":\"https:\\\/\\\/www.export-paletizacao.com.br\\\/servicos\\\/embalagens-especiais\\\/#article\",\"isPartOf\":{\"@id\":\"https:\\\/\\\/www.export-paletizacao.com.br\\\/servicos\\\/embalagens-especiais\\\/\"},\"author\":{\"name\":\"export_wp\",\"@id\":\"https:\\\/\\\/www.export-paletizacao.com.br\\\/#\\\/schema\\\/person\\\/eb69f92992b6334a553d47c3df7a5ff0\"},\"headline\":\"Embalagens Especiais\",\"datePublished\":\"2020-01-29T12:57:38+00:00\",\"dateModified\":\"2020-02-04T12:19:16+00:00\",\"mainEntityOfPage\":{\"@id\":\"https:\\\/\\\/www.export-paletizacao.com.br\\\/servicos\\\/embalagens-especiais\\\/\"},\"wordCount\":86,\"commentCount\":0,\"articleSection\":[\"Servi\u00e7os\"],\"inLanguage\":\"en-US\",\"potentialAction\":[{\"@type\":\"CommentAction\",\"name\":\"Comment\",\"target\":[\"https:\\\/\\\/www.export-paletizacao.com.br\\\/servicos\\\/embalagens-especiais\\\/#respond\"]}]},{\"@type\":\"WebPage\",\"@id\":\"https:\\\/\\\/www.export-paletizacao.com.br\\\/servicos\\\/embalagens-especiais\\\/\",\"url\":\"https:\\\/\\\/www.export-paletizacao.com.br\\\/servicos\\\/embalagens-especiais\\\/\",\"name\":\"Embalagens Especiais - Export Paletiza\u00e7\u00e3o\",\"isPartOf\":{\"@id\":\"https:\\\/\\\/www.export-paletizacao.com.br\\\/#website\"},\"datePublished\":\"2020-01-29T12:57:38+00:00\",\"dateModified\":\"2020-02-04T12:19:16+00:00\",\"author\":{\"@id\":\"https:\\\/\\\/www.export-paletizacao.com.br\\\/#\\\/schema\\\/person\\\/eb69f92992b6334a553d47c3df7a5ff0\"},\"breadcrumb\":{\"@id\":\"https:\\\/\\\/www.export-paletizacao.com.br\\\/servicos\\\/embalagens-especiais\\\/#breadcrumb\"},\"inLanguage\":\"en-US\",\"potentialAction\":[{\"@type\":\"ReadAction\",\"target\":[\"https:\\\/\\\/www.export-paletizacao.com.br\\\/servicos\\\/embalagens-especiais\\\/\"]}]},{\"@type\":\"BreadcrumbList\",\"@id\":\"https:\\\/\\\/www.export-paletizacao.com.br\\\/servicos\\\/embalagens-especiais\\\/#breadcrumb\",\"itemListElement\":[{\"@type\":\"ListItem\",\"position\":1,\"name\":\"In\u00edcio\",\"item\":\"https:\\\/\\\/www.export-paletizacao.com.br\\\/\"},{\"@type\":\"ListItem\",\"position\":2,\"name\":\"Embalagens Especiais\"}]},{\"@type\":\"WebSite\",\"@id\":\"https:\\\/\\\/www.export-paletizacao.com.br\\\/#website\",\"url\":\"https:\\\/\\\/www.export-paletizacao.com.br\\\/\",\"name\":\"Export Paletiza\u00e7\u00e3o\",\"description\":\"Com\u00e9rcio de Embalagens e Servi\u00e7os\",\"potentialAction\":[{\"@type\":\"SearchAction\",\"target\":{\"@type\":\"EntryPoint\",\"urlTemplate\":\"https:\\\/\\\/www.export-paletizacao.com.br\\\/?s={search_term_string}\"},\"query-input\":{\"@type\":\"PropertyValueSpecification\",\"valueRequired\":true,\"valueName\":\"search_term_string\"}}],\"inLanguage\":\"en-US\"},{\"@type\":\"Person\",\"@id\":\"https:\\\/\\\/www.export-paletizacao.com.br\\\/#\\\/schema\\\/person\\\/eb69f92992b6334a553d47c3df7a5ff0\",\"name\":\"export_wp\",\"image\":{\"@type\":\"ImageObject\",\"inLanguage\":\"en-US\",\"@id\":\"https:\\\/\\\/secure.gravatar.com\\\/avatar\\\/9e90450a78c3f2df6d9bc8b674fa3cc0ed02d32638dfe56c0847fdc8409a1e76?s=96&d=mm&r=g\",\"url\":\"https:\\\/\\\/secure.gravatar.com\\\/avatar\\\/9e90450a78c3f2df6d9bc8b674fa3cc0ed02d32638dfe56c0847fdc8409a1e76?s=96&d=mm&r=g\",\"contentUrl\":\"https:\\\/\\\/secure.gravatar.com\\\/avatar\\\/9e90450a78c3f2df6d9bc8b674fa3cc0ed02d32638dfe56c0847fdc8409a1e76?s=96&d=mm&r=g\",\"caption\":\"export_wp\"},\"url\":\"https:\\\/\\\/www.export-paletizacao.com.br\\\/en\\\/author\\\/export_wp\\\/\"}]}<\/script>\n<!-- \/ Yoast SEO plugin. -->","yoast_head_json":{"title":"Embalagens Especiais - Export Paletiza\u00e7\u00e3o","robots":{"index":"index","follow":"follow","max-snippet":"max-snippet:-1","max-image-preview":"max-image-preview:large","max-video-preview":"max-video-preview:-1"},"canonical":"https:\/\/www.export-paletizacao.com.br\/en\/servicos\/embalagens-especiais\/","og_locale":"en_US","og_type":"article","og_title":"Embalagens Especiais - Export Paletiza\u00e7\u00e3o","og_description":"A Export tem a solu\u00e7\u00e3o de embalagem para transporte multimodal e protetivas para todos os tipos de cargas, de pequeno a grande porte, de 1 kg a 300.000 kg! Executando servi\u00e7os conforme padr\u00f5es internacionais, preparamos a embalagem de sua carga com seguran\u00e7a, atrav\u00e9s de procedimentos j\u00e1 testados e com Know-How adquirido com parcerias s\u00f3lidas com empresas dos EUA e Europa. Fa\u00e7a uma consulta e nos envie as informa\u00e7\u00f5es de seu produto, para projetarmos a embalagem [&hellip;]","og_url":"https:\/\/www.export-paletizacao.com.br\/en\/servicos\/embalagens-especiais\/","og_site_name":"Export Paletiza\u00e7\u00e3o","article_published_time":"2020-01-29T12:57:38+00:00","article_modified_time":"2020-02-04T12:19:16+00:00","author":"export_wp","twitter_card":"summary_large_image","twitter_misc":{"Written by":"export_wp"},"schema":{"@context":"https:\/\/schema.org","@graph":[{"@type":"Article","@id":"https:\/\/www.export-paletizacao.com.br\/servicos\/embalagens-especiais\/#article","isPartOf":{"@id":"https:\/\/www.export-paletizacao.com.br\/servicos\/embalagens-especiais\/"},"author":{"name":"export_wp","@id":"https:\/\/www.export-paletizacao.com.br\/#\/schema\/person\/eb69f92992b6334a553d47c3df7a5ff0"},"headline":"Embalagens Especiais","datePublished":"2020-01-29T12:57:38+00:00","dateModified":"2020-02-04T12:19:16+00:00","mainEntityOfPage":{"@id":"https:\/\/www.export-paletizacao.com.br\/servicos\/embalagens-especiais\/"},"wordCount":86,"commentCount":0,"articleSection":["Servi\u00e7os"],"inLanguage":"en-US","potentialAction":[{"@type":"CommentAction","name":"Comment","target":["https:\/\/www.export-paletizacao.com.br\/servicos\/embalagens-especiais\/#respond"]}]},{"@type":"WebPage","@id":"https:\/\/www.export-paletizacao.com.br\/servicos\/embalagens-especiais\/","url":"https:\/\/www.export-paletizacao.com.br\/servicos\/embalagens-especiais\/","name":"Embalagens Especiais - Export Paletiza\u00e7\u00e3o","isPartOf":{"@id":"https:\/\/www.export-paletizacao.com.br\/#website"},"datePublished":"2020-01-29T12:57:38+00:00","dateModified":"2020-02-04T12:19:16+00:00","author":{"@id":"https:\/\/www.export-paletizacao.com.br\/#\/schema\/person\/eb69f92992b6334a553d47c3df7a5ff0"},"breadcrumb":{"@id":"https:\/\/www.export-paletizacao.com.br\/servicos\/embalagens-especiais\/#breadcrumb"},"inLanguage":"en-US","potentialAction":[{"@type":"ReadAction","target":["https:\/\/www.export-paletizacao.com.br\/servicos\/embalagens-especiais\/"]}]},{"@type":"BreadcrumbList","@id":"https:\/\/www.export-paletizacao.com.br\/servicos\/embalagens-especiais\/#breadcrumb","itemListElement":[{"@type":"ListItem","position":1,"name":"In\u00edcio","item":"https:\/\/www.export-paletizacao.com.br\/"},{"@type":"ListItem","position":2,"name":"Embalagens Especiais"}]},{"@type":"WebSite","@id":"https:\/\/www.export-paletizacao.com.br\/#website","url":"https:\/\/www.export-paletizacao.com.br\/","name":"Export Paletiza\u00e7\u00e3o","description":"Com\u00e9rcio de Embalagens e Servi\u00e7os","potentialAction":[{"@type":"SearchAction","target":{"@type":"EntryPoint","urlTemplate":"https:\/\/www.export-paletizacao.com.br\/?s={search_term_string}"},"query-input":{"@type":"PropertyValueSpecification","valueRequired":true,"valueName":"search_term_string"}}],"inLanguage":"en-US"},{"@type":"Person","@id":"https:\/\/www.export-paletizacao.com.br\/#\/schema\/person\/eb69f92992b6334a553d47c3df7a5ff0","name":"export_wp","image":{"@type":"ImageObject","inLanguage":"en-US","@id":"https:\/\/secure.gravatar.com\/avatar\/9e90450a78c3f2df6d9bc8b674fa3cc0ed02d32638dfe56c0847fdc8409a1e76?s=96&d=mm&r=g","url":"https:\/\/secure.gravatar.com\/avatar\/9e90450a78c3f2df6d9bc8b674fa3cc0ed02d32638dfe56c0847fdc8409a1e76?s=96&d=mm&r=g","contentUrl":"https:\/\/secure.gravatar.com\/avatar\/9e90450a78c3f2df6d9bc8b674fa3cc0ed02d32638dfe56c0847fdc8409a1e76?s=96&d=mm&r=g","caption":"export_wp"},"url":"https:\/\/www.export-paletizacao.com.br\/en\/author\/export_wp\/"}]}},"_links":{"self":[{"href":"https:\/\/www.export-paletizacao.com.br\/en\/wp-json\/wp\/v2\/posts\/56","targetHints":{"allow":["GET"]}}],"collection":[{"href":"https:\/\/www.export-paletizacao.com.br\/en\/wp-json\/wp\/v2\/posts"}],"about":[{"href":"https:\/\/www.export-paletizacao.com.br\/en\/wp-json\/wp\/v2\/types\/post"}],"author":[{"embeddable":true,"href":"https:\/\/www.export-paletizacao.com.br\/en\/wp-json\/wp\/v2\/users\/1"}],"replies":[{"embeddable":true,"href":"https:\/\/www.export-paletizacao.com.br\/en\/wp-json\/wp\/v2\/comments?post=56"}],"version-history":[{"count":18,"href":"https:\/\/www.export-paletizacao.com.br\/en\/wp-json\/wp\/v2\/posts\/56\/revisions"}],"predecessor-version":[{"id":307,"href":"https:\/\/www.export-paletizacao.com.br\/en\/wp-json\/wp\/v2\/posts\/56\/revisions\/307"}],"wp:attachment":[{"href":"https:\/\/www.export-paletizacao.com.br\/en\/wp-json\/wp\/v2\/media?parent=56"}],"wp:term":[{"taxonomy":"category","embeddable":true,"href":"https:\/\/www.export-paletizacao.com.br\/en\/wp-json\/wp\/v2\/categories?post=56"},{"taxonomy":"post_tag","embeddable":true,"href":"https:\/\/www.export-paletizacao.com.br\/en\/wp-json\/wp\/v2\/tags?post=56"}],"curies":[{"name":"wp","href":"https:\/\/api.w.org\/{rel}","templated":true}]}}